{"id":160,"date":"2023-11-19T20:07:48","date_gmt":"2023-11-19T19:07:48","guid":{"rendered":"https:\/\/lebarapodcasts.com\/?p=160"},"modified":"2023-11-19T20:07:48","modified_gmt":"2023-11-19T19:07:48","slug":"saison-2-ep-2-aurelien-bigo-transports-mobilite-et-carbone","status":"publish","type":"post","link":"https:\/\/lebarapodcasts.com\/index.php\/2023\/11\/19\/saison-2-ep-2-aurelien-bigo-transports-mobilite-et-carbone\/","title":{"rendered":"Saison 2, Ep #2 Aur\u00e9lien Bigo, transports, mobilit\u00e9 et carbone"},"content":{"rendered":"\n<p>L\u2019Europe a \u00e9tabli des objectifs de d\u00e9carbonation ambitieux pour atteindre la neutralit\u00e9 carbone en 2050, avec un premier paquet l\u00e9gislatif (\u00ab fit for 55 \u00bb) qui vise \u00e0 r\u00e9duire les \u00e9missions de CO2 dans l\u2019UE<br>de 55% d\u2019ici 2030 par rapport \u00e0 1990. Le secteur des transports g\u00e9n\u00e8re pr\u00e8s d\u2019un quart des \u00e9missions de l\u2019UE, et repr\u00e9sente le poste d\u2019\u00e9missions le plus important en France \u2013 entre 2021 et 2022, le CITEPA a constat\u00e9 une hausse de 2% de ces \u00e9missions, apr\u00e8s une p\u00e9riode COVID de recul.&nbsp;<\/p>\n\n\n\n<p>Alors qu\u2019un plan d\u2019investissement de 100m\u20ac pour le ferroviaire a \u00e9t\u00e9 annonc\u00e9 pour moderniser et favoriser l\u2019usage du train, et que les incitations pour aller vers des mobilit\u00e9s plus d\u00e9carbon\u00e9es (v\u00e9lo, voiture \u00e9lectrique, etc..) se multiplient, la question de l\u2019atteinte des objectifs de neutralit\u00e9 carbone se pose.<\/p>\n\n\n\n<p>Est-ce que ce sera suffisant ? Faut-il principalement compter sur les progr\u00e8s d\u2019efficacit\u00e9 technologique et \u00e9nerg\u00e9tique pour y parvenir alors que la demande ne cesse de croitre ? Pouvons-nous d\u00e9coupler la demande des transports des \u00e9missions carbone ?&nbsp;<\/p>\n\n\n\n<p>Alors vous l\u2019aurez compris, nous allons parler de transport, de mobilit\u00e9 et de carbone, et pour en parler, nous avons le plaisir de recevoir Aur\u00e9lien Bigo, expert de la transition \u00e9nerg\u00e9tique des transports, chercheur associ\u00e9 au sein de la Chaire Energie et Prosp\u00e9rit\u00e9 \u00e0 l\u2019Institut Louis Bachelier. Passionn\u00e9 depuis toujours par les d\u00e9fis que pose le d\u00e9r\u00e8glement climatique, Aur\u00e9lien a brillamment soutenu en 2020, une th\u00e8se \u00e0 l\u2019Institut Polytechnique de Paris, dans laquelle il explore la probl\u00e9matique des transports face au d\u00e9fi de la transition \u00e9nerg\u00e9tique. Il est \u00e9galement auteur de plusieurs articles sur le th\u00e8me de la soutenabilit\u00e9 de la mobilit\u00e9 et des transports et intervient r\u00e9guli\u00e8rement dans le cadre de conf\u00e9rences sur la mobilit\u00e9. &nbsp;<\/p>\n\n\n\n<p>\u2b50\u2b50\u2b50\u2b50\u2b50 Si cet \u00e9pisode vous plait, n&#8217;h\u00e9sitez pas \u00e0 le partager, \u00e0 nous laisser un commentaire ou \u00e0 laisser une note sur Apple Podcasts !<br>\ud83c\udf99\ufe0f\ufe0f\ufe0fLe Bar \u00e0 Podcasts est un podcast ind\u00e9pendant cr\u00e9\u00e9 et anim\u00e9 par Emmanuel Bavi\u00e8re, Sana Dubarry et Nezha Zerwal. &nbsp;Inspirer des d\u00e9cideurs et acc\u00e9l\u00e9rer la concr\u00e9tisation d\u2019id\u00e9es pour &#8220;faire sa part&#8221; dans cette formidable, mais n\u00e9anmoins \u00e9pique aventure d\u2019adaptation aux changements climatiques, telle est l\u2019ambition de cette s\u00e9rie d\u2019entretiens du bar \u00e0 podcasts. Alors, restez \u00e0 l\u2019\u00e9coute !&nbsp;<\/p>\n","protected":false},"excerpt":{"rendered":"<p>L\u2019Europe a \u00e9tabli des objectifs de d\u00e9carbonation ambitieux pour atteindre la neutralit\u00e9 carbone en 2050, avec un premier paquet l\u00e9gislatif (\u00ab fit for 55 \u00bb) qui vise \u00e0 r\u00e9duire les [&hellip;]<\/p>\n","protected":false},"author":1,"featured_media":0,"comment_status":"closed","ping_status":"closed","sticky":false,"template":"","format":"standard","meta":{"episode_type":"audio","audio_file":"https:\/\/lebarapodcasts.com\/wp-content\/uploads\/2023\/11\/BAP-Saison2-Aurelien-Bigo-10-10.mp3","cover_image":"https:\/\/lebarapodcasts.com\/wp-content\/uploads\/2023\/11\/jaquette-AurelienBigo-1.jpg","cover_image_id":"161","duration":"36:17","filesize":"66.43M","date_recorded":"2023-11-19 20:07:48","explicit":"","block":"","filesize_raw":"69657370","footnotes":""},"categories":[11],"tags":[],"series":[],"class_list":["post-160","post","type-post","status-publish","format-standard","hentry","category-decroissance"],"episode_featured_image":false,"episode_player_image":"https:\/\/lebarapodcasts.com\/wp-content\/uploads\/2023\/11\/jaquette-AurelienBigo-1.jpg","download_link":"https:\/\/lebarapodcasts.com\/podcast-download\/160\/saison-2-ep-2-aurelien-bigo-transports-mobilite-et-carbone.mp3","player_link":"https:\/\/lebarapodcasts.com\/podcast-player\/160\/saison-2-ep-2-aurelien-bigo-transports-mobilite-et-carbone.mp3","audio_player":null,"episode_data":{"playerMode":"light","subscribeUrls":{"amazon":{"key":"amazon","url":"https:\/\/music.amazon.com\/podcasts\/e0b42f02-0844-4e22-aefe-4de282a4ce3c\/le-bar-%C3%A0-podcasts","label":"Amazon","class":"amazon","icon":"amazon.png"},"apple_podcasts":{"key":"apple_podcasts","url":"https:\/\/podcasts.apple.com\/us\/podcast\/le-bar-%C3%A0-podcasts\/id1588695556","label":"Apple Podcasts","class":"apple_podcasts","icon":"apple-podcasts.png"},"deezer":{"key":"deezer","url":"https:\/\/www.deezer.com\/us\/show\/3034922","label":"Deezer","class":"deezer","icon":"deezer.png"},"google_podcasts":{"key":"google_podcasts","url":"","label":"Google Podcasts","class":"google_podcasts","icon":"google-podcasts.png"},"spotify":{"key":"spotify","url":"https:\/\/open.spotify.com\/show\/5KzEvhbYPipu8zAYA5Cwdf","label":"Spotify","class":"spotify","icon":"spotify.png"}},"rssFeedUrl":"https:\/\/lebarapodcasts.com\/feed\/podcast","embedCode":"<blockquote class=\"wp-embedded-content\" data-secret=\"GPCfXE8ni0\"><a href=\"https:\/\/lebarapodcasts.com\/index.php\/2023\/11\/19\/saison-2-ep-2-aurelien-bigo-transports-mobilite-et-carbone\/\">Saison 2, Ep #2 Aur\u00e9lien Bigo, transports, mobilit\u00e9 et carbone<\/a><\/blockquote><iframe sandbox=\"allow-scripts\" security=\"restricted\" src=\"https:\/\/lebarapodcasts.com\/index.php\/2023\/11\/19\/saison-2-ep-2-aurelien-bigo-transports-mobilite-et-carbone\/embed\/#?secret=GPCfXE8ni0\" width=\"500\" height=\"350\" title=\"&#8220;Saison 2, Ep #2 Aur\u00e9lien Bigo, transports, mobilit\u00e9 et carbone&#8221; &#8212; Le Bar \u00e0 Podcasts\" data-secret=\"GPCfXE8ni0\" frameborder=\"0\" marginwidth=\"0\" marginheight=\"0\" scrolling=\"no\" class=\"wp-embedded-content\"><\/iframe><script type=\"text\/javascript\">\n\/* <![CDATA[ *\/\n\/*! This file is auto-generated *\/\n!function(d,l){\"use strict\";l.querySelector&&d.addEventListener&&\"undefined\"!=typeof URL&&(d.wp=d.wp||{},d.wp.receiveEmbedMessage||(d.wp.receiveEmbedMessage=function(e){var t=e.data;if((t||t.secret||t.message||t.value)&&!\/[^a-zA-Z0-9]\/.test(t.secret)){for(var s,r,n,a=l.querySelectorAll('iframe[data-secret=\"'+t.secret+'\"]'),o=l.querySelectorAll('blockquote[data-secret=\"'+t.secret+'\"]'),c=new RegExp(\"^https?:$\",\"i\"),i=0;i<o.length;i++)o[i].style.display=\"none\";for(i=0;i<a.length;i++)s=a[i],e.source===s.contentWindow&&(s.removeAttribute(\"style\"),\"height\"===t.message?(1e3<(r=parseInt(t.value,10))?r=1e3:~~r<200&&(r=200),s.height=r):\"link\"===t.message&&(r=new URL(s.getAttribute(\"src\")),n=new URL(t.value),c.test(n.protocol))&&n.host===r.host&&l.activeElement===s&&(d.top.location.href=t.value))}},d.addEventListener(\"message\",d.wp.receiveEmbedMessage,!1),l.addEventListener(\"DOMContentLoaded\",function(){for(var e,t,s=l.querySelectorAll(\"iframe.wp-embedded-content\"),r=0;r<s.length;r++)(t=(e=s[r]).getAttribute(\"data-secret\"))||(t=Math.random().toString(36).substring(2,12),e.src+=\"#?secret=\"+t,e.setAttribute(\"data-secret\",t)),e.contentWindow.postMessage({message:\"ready\",secret:t},\"*\")},!1)))}(window,document);\n\/\/# sourceURL=https:\/\/lebarapodcasts.com\/wp-includes\/js\/wp-embed.min.js\n\/* ]]> *\/\n<\/script>\n"},"_links":{"self":[{"href":"https:\/\/lebarapodcasts.com\/index.php\/wp-json\/wp\/v2\/posts\/160","targetHints":{"allow":["GET"]}}],"collection":[{"href":"https:\/\/lebarapodcasts.com\/index.php\/wp-json\/wp\/v2\/posts"}],"about":[{"href":"https:\/\/lebarapodcasts.com\/index.php\/wp-json\/wp\/v2\/types\/post"}],"author":[{"embeddable":true,"href":"https:\/\/lebarapodcasts.com\/index.php\/wp-json\/wp\/v2\/users\/1"}],"replies":[{"embeddable":true,"href":"https:\/\/lebarapodcasts.com\/index.php\/wp-json\/wp\/v2\/comments?post=160"}],"version-history":[{"count":1,"href":"https:\/\/lebarapodcasts.com\/index.php\/wp-json\/wp\/v2\/posts\/160\/revisions"}],"predecessor-version":[{"id":163,"href":"https:\/\/lebarapodcasts.com\/index.php\/wp-json\/wp\/v2\/posts\/160\/revisions\/163"}],"wp:attachment":[{"href":"https:\/\/lebarapodcasts.com\/index.php\/wp-json\/wp\/v2\/media?parent=160"}],"wp:term":[{"taxonomy":"category","embeddable":true,"href":"https:\/\/lebarapodcasts.com\/index.php\/wp-json\/wp\/v2\/categories?post=160"},{"taxonomy":"post_tag","embeddable":true,"href":"https:\/\/lebarapodcasts.com\/index.php\/wp-json\/wp\/v2\/tags?post=160"},{"taxonomy":"series","embeddable":true,"href":"https:\/\/lebarapodcasts.com\/index.php\/wp-json\/wp\/v2\/series?post=160"}],"curies":[{"name":"wp","href":"https:\/\/api.w.org\/{rel}","templated":true}]}}